{"id":697,"date":"2026-04-16T23:42:40","date_gmt":"2026-04-16T21:42:40","guid":{"rendered":"https:\/\/regardnaif.org\/?p=697"},"modified":"2026-04-16T23:42:40","modified_gmt":"2026-04-16T21:42:40","slug":"samaritaine-le-retour-de-la-marquise","status":"publish","type":"post","link":"https:\/\/regardnaif.org\/index.php\/2026\/04\/16\/samaritaine-le-retour-de-la-marquise\/","title":{"rendered":"[Samaritaine] Le retour de la marquise"},"content":{"rendered":"<div class=\"wp-block-image\">\n<figure class=\"aligncenter size-large\"><img loading=\"lazy\" decoding=\"async\" width=\"910\" height=\"1024\" src=\"https:\/\/regardnaif.org\/wp-content\/uploads\/2026\/04\/026_Samaritaine_Marquise-910x1024.jpg\" alt=\"\" class=\"wp-image-698\" srcset=\"https:\/\/regardnaif.org\/wp-content\/uploads\/2026\/04\/026_Samaritaine_Marquise-910x1024.jpg 910w, https:\/\/regardnaif.org\/wp-content\/uploads\/2026\/04\/026_Samaritaine_Marquise-267x300.jpg 267w, https:\/\/regardnaif.org\/wp-content\/uploads\/2026\/04\/026_Samaritaine_Marquise-768x865.jpg 768w, https:\/\/regardnaif.org\/wp-content\/uploads\/2026\/04\/026_Samaritaine_Marquise-1365x1536.jpg 1365w, https:\/\/regardnaif.org\/wp-content\/uploads\/2026\/04\/026_Samaritaine_Marquise-1819x2048.jpg 1819w, https:\/\/regardnaif.org\/wp-content\/uploads\/2026\/04\/026_Samaritaine_Marquise-53x60.jpg 53w\" sizes=\"auto, (max-width: 910px) 100vw, 910px\" \/><\/figure>\n<\/div>\n\n\n<p>\u00c0 la Belle \u00c9poque, la concurrence entre les grands magasins ne se limitait pas \u00e0 la simple offre commerciale. Ils mettaient en sc\u00e8ne tout un quartier, avec leurs ext\u00e9rieurs et int\u00e9rieurs f\u00e9\u00e9riques. Et \u00e0 leur seuil, un \u00e9l\u00e9ment simple mais primordial : la marquise.<\/p>\n\n\n\n<p>Cet auvent de verre et de m\u00e9tal permettait aux promeneurs de d\u00e9couvrir les collections sans m\u00eame pousser la porte. Aussi un refuge \u00e0 chaque averse, avec le spectacle de la pluie et des vitrines comme seules distractions.<\/p>\n\n\n\n<p>Pour les f\u00eates, un incontournable qui, encore aujourd\u2019hui, attire chaque jour des milliers de curieux sensibles au charme de No\u00ebl. Le Printemps Haussmann l\u2019a bien compris.<\/p>\n\n\n\n<p>__<br>Mais au cours du XXe si\u00e8cle, l\u2019architecture contemporaine a voulu tout \u00e9purer. Tout. Il fallait des fa\u00e7ades lisses, et tant pis pour les commodit\u00e9s. Une logique d\u2019inversion des valeurs et de l\u2019esth\u00e9tique pour le moins\u2026 discutable.<\/p>\n\n\n\n<p>La r\u00e9novation de la Samaritaine achev\u00e9e en 2021 suit jusqu\u2019au bout cette logique : une vaste vitrine \u00e9pur\u00e9e, d\u00e9pourvue m\u00eame d\u2019entr\u00e9e au sens symbolique (il n\u2019y a que des acc\u00e8s). Pas de transition entre la rue et le commerce, on passe de l\u2019ext\u00e9rieur \u00e0 l\u2019int\u00e9rieur sans seuil. Sans respiration, ni invitation.<\/p>\n\n\n\n<p>__<br>La philosophie de Regard Na\u00eff estime qu\u2019envisager le futur, c\u2019est aussi r\u00e9activer des \u00e9vidences oubli\u00e9es.<\/p>\n\n\n\n<p>La marquise n\u2019est pas un d\u00e9tail du pass\u00e9, mais une id\u00e9e pour demain :<\/p>\n\n\n\n<ul class=\"wp-block-list\">\n<li>faire du seuil un lieu accueillant,<\/li>\n\n\n\n<li>redonner de l\u2019\u00e9paisseur \u00e0 la ville,<\/li>\n\n\n\n<li>r\u00e9concilier commerce et promenade.<\/li>\n<\/ul>\n\n\n\n<p>Avec une portion de rue accueillante et anim\u00e9e, le client entre dans le magasin avant m\u00eame qu\u2019il ne franchisse la porte.<\/p>\n","protected":false},"excerpt":{"rendered":"<p>\u00c0 la Belle \u00c9poque, la concurrence entre les grands magasins ne se limitait pas \u00e0 la simple offre commerciale. Ils mettaient en sc\u00e8ne tout un quartier, avec leurs ext\u00e9rieurs et int\u00e9rieurs f\u00e9\u00e9riques. Et \u00e0 leur seuil, un \u00e9l\u00e9ment simple mais &hellip; <\/p>\n","protected":false},"author":1,"featured_media":0,"comment_status":"open","ping_status":"open","sticky":false,"template":"","format":"standard","meta":{"footnotes":""},"categories":[1],"tags":[],"class_list":["post-697","post","type-post","status-publish","format-standard","hentry","category-blog","latest_post"],"_links":{"self":[{"href":"https:\/\/regardnaif.org\/index.php\/wp-json\/wp\/v2\/posts\/697","targetHints":{"allow":["GET"]}}],"collection":[{"href":"https:\/\/regardnaif.org\/index.php\/wp-json\/wp\/v2\/posts"}],"about":[{"href":"https:\/\/regardnaif.org\/index.php\/wp-json\/wp\/v2\/types\/post"}],"author":[{"embeddable":true,"href":"https:\/\/regardnaif.org\/index.php\/wp-json\/wp\/v2\/users\/1"}],"replies":[{"embeddable":true,"href":"https:\/\/regardnaif.org\/index.php\/wp-json\/wp\/v2\/comments?post=697"}],"version-history":[{"count":1,"href":"https:\/\/regardnaif.org\/index.php\/wp-json\/wp\/v2\/posts\/697\/revisions"}],"predecessor-version":[{"id":699,"href":"https:\/\/regardnaif.org\/index.php\/wp-json\/wp\/v2\/posts\/697\/revisions\/699"}],"wp:attachment":[{"href":"https:\/\/regardnaif.org\/index.php\/wp-json\/wp\/v2\/media?parent=697"}],"wp:term":[{"taxonomy":"category","embeddable":true,"href":"https:\/\/regardnaif.org\/index.php\/wp-json\/wp\/v2\/categories?post=697"},{"taxonomy":"post_tag","embeddable":true,"href":"https:\/\/regardnaif.org\/index.php\/wp-json\/wp\/v2\/tags?post=697"}],"curies":[{"name":"wp","href":"https:\/\/api.w.org\/{rel}","templated":true}]}}