{"id":663,"date":"2026-03-04T07:50:25","date_gmt":"2026-03-04T06:50:25","guid":{"rendered":"https:\/\/regardnaif.org\/?p=663"},"modified":"2026-03-04T07:50:26","modified_gmt":"2026-03-04T06:50:26","slug":"finissez-lopera-bastille","status":"publish","type":"post","link":"https:\/\/regardnaif.org\/index.php\/2026\/03\/04\/finissez-lopera-bastille\/","title":{"rendered":"Finissez l\u2019Op\u00e9ra Bastille !"},"content":{"rendered":"\n<figure class=\"wp-block-image size-large\"><img loading=\"lazy\" decoding=\"async\" width=\"1024\" height=\"575\" src=\"https:\/\/regardnaif.org\/wp-content\/uploads\/2026\/03\/018_Opera_Bastille-1024x575.jpeg\" alt=\"\" class=\"wp-image-664\" srcset=\"https:\/\/regardnaif.org\/wp-content\/uploads\/2026\/03\/018_Opera_Bastille-1024x575.jpeg 1024w, https:\/\/regardnaif.org\/wp-content\/uploads\/2026\/03\/018_Opera_Bastille-300x168.jpeg 300w, https:\/\/regardnaif.org\/wp-content\/uploads\/2026\/03\/018_Opera_Bastille-768x431.jpeg 768w, https:\/\/regardnaif.org\/wp-content\/uploads\/2026\/03\/018_Opera_Bastille-1536x863.jpeg 1536w, https:\/\/regardnaif.org\/wp-content\/uploads\/2026\/03\/018_Opera_Bastille-107x60.jpeg 107w, https:\/\/regardnaif.org\/wp-content\/uploads\/2026\/03\/018_Opera_Bastille-840x473.jpeg 840w, https:\/\/regardnaif.org\/wp-content\/uploads\/2026\/03\/018_Opera_Bastille.jpeg 1916w\" sizes=\"auto, (max-width: 1024px) 100vw, 1024px\" \/><\/figure>\n\n\n\n<p>Bien que son apparence donne \u00e0 redire, il est l\u00e0. Maintenant, il s\u2019agit d\u2019harmoniser l\u2019urbanisme fragment\u00e9 de ce quartier.<\/p>\n\n\n\n<p>Un vide b\u00e9ant persiste sur le flanc Est de cet \u00e9difice, le s\u00e9parant de la Coul\u00e9e verte Ren\u00e9-Dumont et laissant appara\u00eetre l\u2019arri\u00e8re peu flatteur de l\u2019h\u00f4pital des Quinze-Vingts sur la rue.<\/p>\n\n\n\n<p>Depuis bient\u00f4t 40 ans, ce \u00ab trou \u00bb dans le tissu urbain, qui m\u00e9rite d\u2019\u00eatre combl\u00e9 avec intelligence et coh\u00e9rence.<\/p>\n\n\n\n<p>Dans cette d\u00e9marche, un concours international d\u2019architecture a \u00e9t\u00e9 lanc\u00e9 il y a quelques mois pour aboutir \u00e0 un projet laur\u00e9at sur septembre 2026, avec une inauguration pr\u00e9vue pour 2030.<\/p>\n\n\n\n<p>L\u2019enjeu ? Des espaces suppl\u00e9mentaires avec une extension qui fasse la jonction :<\/p>\n\n\n\n<ul class=\"wp-block-list\">\n<li>Rendre la Coul\u00e9e Verte vraiment accessible. Aujourd\u2019hui, elle s\u2019arr\u00eate brutalement avec un escalier peu pratique et l\u2019ascenseur le plus proche est \u00e0 500 m et souvent en panne,<\/li>\n\n\n\n<li>Masquer cette vue sinistre sur l\u2019h\u00f4pital depuis la rue,<\/li>\n\n\n\n<li>Respecter l\u2019esprit post-moderne de cet op\u00e9ra, avec si possible plus de finesse et un peu d\u2019identit\u00e9 parisienne,<\/li>\n\n\n\n<li>Int\u00e9grer harmonieusement la brique embl\u00e9matique de la Coul\u00e9e verte et sa fibre ferroviaire pour parfaire la couture urbaine.<\/li>\n<\/ul>\n\n\n\n<p>Gageons que le projet laur\u00e9at saura r\u00e9pondre \u00e0 ces exigences essentielles, avec un r\u00e9sultat travaill\u00e9 et cr\u00e9atif. Pour \u00e9viter qu\u2019un cube n\u2019en cache un autre.<\/p>\n","protected":false},"excerpt":{"rendered":"<p>Bien que son apparence donne \u00e0 redire, il est l\u00e0. Maintenant, il s\u2019agit d\u2019harmoniser l\u2019urbanisme fragment\u00e9 de ce quartier. Un vide b\u00e9ant persiste sur le flanc Est de cet \u00e9difice, le s\u00e9parant de la Coul\u00e9e verte Ren\u00e9-Dumont et laissant appara\u00eetre &hellip; <\/p>\n","protected":false},"author":1,"featured_media":0,"comment_status":"open","ping_status":"open","sticky":false,"template":"","format":"standard","meta":{"footnotes":""},"categories":[1],"tags":[],"class_list":["post-663","post","type-post","status-publish","format-standard","hentry","category-blog","latest_post"],"_links":{"self":[{"href":"https:\/\/regardnaif.org\/index.php\/wp-json\/wp\/v2\/posts\/663","targetHints":{"allow":["GET"]}}],"collection":[{"href":"https:\/\/regardnaif.org\/index.php\/wp-json\/wp\/v2\/posts"}],"about":[{"href":"https:\/\/regardnaif.org\/index.php\/wp-json\/wp\/v2\/types\/post"}],"author":[{"embeddable":true,"href":"https:\/\/regardnaif.org\/index.php\/wp-json\/wp\/v2\/users\/1"}],"replies":[{"embeddable":true,"href":"https:\/\/regardnaif.org\/index.php\/wp-json\/wp\/v2\/comments?post=663"}],"version-history":[{"count":1,"href":"https:\/\/regardnaif.org\/index.php\/wp-json\/wp\/v2\/posts\/663\/revisions"}],"predecessor-version":[{"id":665,"href":"https:\/\/regardnaif.org\/index.php\/wp-json\/wp\/v2\/posts\/663\/revisions\/665"}],"wp:attachment":[{"href":"https:\/\/regardnaif.org\/index.php\/wp-json\/wp\/v2\/media?parent=663"}],"wp:term":[{"taxonomy":"category","embeddable":true,"href":"https:\/\/regardnaif.org\/index.php\/wp-json\/wp\/v2\/categories?post=663"},{"taxonomy":"post_tag","embeddable":true,"href":"https:\/\/regardnaif.org\/index.php\/wp-json\/wp\/v2\/tags?post=663"}],"curies":[{"name":"wp","href":"https:\/\/api.w.org\/{rel}","templated":true}]}}