{"id":640,"date":"2026-02-24T11:41:55","date_gmt":"2026-02-24T10:41:55","guid":{"rendered":"https:\/\/regardnaif.org\/?p=640"},"modified":"2026-02-25T02:43:20","modified_gmt":"2026-02-25T01:43:20","slug":"quel-campus-pour-vos-etudes","status":"publish","type":"post","link":"https:\/\/regardnaif.org\/index.php\/2026\/02\/24\/quel-campus-pour-vos-etudes\/","title":{"rendered":"Quel campus pour vos \u00e9tudes ?"},"content":{"rendered":"\n<figure class=\"wp-block-gallery has-nested-images columns-default is-cropped wp-block-gallery-1 is-layout-flex wp-block-gallery-is-layout-flex\">\n<figure class=\"wp-block-image size-large\"><img loading=\"lazy\" decoding=\"async\" width=\"824\" height=\"1024\" data-id=\"643\" src=\"https:\/\/regardnaif.org\/wp-content\/uploads\/2026\/02\/016_QuelCampus1-1-824x1024.jpg\" alt=\"\" class=\"wp-image-643\" srcset=\"https:\/\/regardnaif.org\/wp-content\/uploads\/2026\/02\/016_QuelCampus1-1-824x1024.jpg 824w, https:\/\/regardnaif.org\/wp-content\/uploads\/2026\/02\/016_QuelCampus1-1-241x300.jpg 241w, https:\/\/regardnaif.org\/wp-content\/uploads\/2026\/02\/016_QuelCampus1-1-768x955.jpg 768w, https:\/\/regardnaif.org\/wp-content\/uploads\/2026\/02\/016_QuelCampus1-1-1236x1536.jpg 1236w, https:\/\/regardnaif.org\/wp-content\/uploads\/2026\/02\/016_QuelCampus1-1-1647x2048.jpg 1647w, https:\/\/regardnaif.org\/wp-content\/uploads\/2026\/02\/016_QuelCampus1-1-48x60.jpg 48w\" sizes=\"auto, (max-width: 824px) 100vw, 824px\" \/><figcaption class=\"wp-element-caption\">Avant\/apr\u00e8s Chapelle Saint Joseph de Lille<\/figcaption><\/figure>\n\n\n\n<figure class=\"wp-block-image size-large\"><img loading=\"lazy\" decoding=\"async\" width=\"823\" height=\"1024\" data-id=\"645\" src=\"https:\/\/regardnaif.org\/wp-content\/uploads\/2026\/02\/016_QuelCampus2-2-823x1024.jpg\" alt=\"\" class=\"wp-image-645\" srcset=\"https:\/\/regardnaif.org\/wp-content\/uploads\/2026\/02\/016_QuelCampus2-2-823x1024.jpg 823w, https:\/\/regardnaif.org\/wp-content\/uploads\/2026\/02\/016_QuelCampus2-2-241x300.jpg 241w, https:\/\/regardnaif.org\/wp-content\/uploads\/2026\/02\/016_QuelCampus2-2-768x955.jpg 768w, https:\/\/regardnaif.org\/wp-content\/uploads\/2026\/02\/016_QuelCampus2-2-1235x1536.jpg 1235w, https:\/\/regardnaif.org\/wp-content\/uploads\/2026\/02\/016_QuelCampus2-2-1646x2048.jpg 1646w, https:\/\/regardnaif.org\/wp-content\/uploads\/2026\/02\/016_QuelCampus2-2-48x60.jpg 48w\" sizes=\"auto, (max-width: 823px) 100vw, 823px\" \/><figcaption class=\"wp-element-caption\">Biblioth\u00e8que universitaire de l\u2019Arsenal \/ des Godrans<\/figcaption><\/figure>\n<\/figure>\n\n\n\n<p>Un \u00e9tudiant se nourrit non seulement du savoir des livres et de ses professeurs, mais s\u2019impr\u00e8gne aussi de l\u2019environnement de l\u2019\u00e9tablissement qui en exprime sa philosophie.<\/p>\n\n\n\n<p>D\u2019un c\u00f4t\u00e9, l\u2019architecture de la transmission, ancr\u00e9e dans une longue histoire. Bien souvent un lieu historique, ou plus occasionnellement une r\u00e9alisation r\u00e9cente ayant int\u00e9gr\u00e9 ses codes, en totalit\u00e9 ou en partie :<\/p>\n\n\n\n<ul class=\"wp-block-list\">\n<li>\u00c9veiller par le Beau, la lumi\u00e8re, l\u2019a\u00e9ration, les d\u00e9tails ornementaux et les mat\u00e9riaux nobles,<\/li>\n\n\n\n<li>S\u00e9dimenter les \u00e9poques et cr\u00e9er un imaginaire,<\/li>\n\n\n\n<li>Entrer dans la mission s\u00e9culaire d\u2019apprendre puis de transmettre,<\/li>\n\n\n\n<li>D\u00e9passer l\u2019ego, encourager la fraternit\u00e9 intellectuelle et la continuit\u00e9 des g\u00e9n\u00e9rations.<\/li>\n<\/ul>\n\n\n\n<p>De l\u2019autre c\u00f4t\u00e9, une vision fonctionnaliste et moderniste, avec des espaces aseptis\u00e9s, neutres, cloisonn\u00e9s derri\u00e8re des murs de b\u00e9ton ou de verre, offrant un tout autre inconscient :<\/p>\n\n\n\n<ul class=\"wp-block-list\">\n<li>Siloter les cours en cursus pour r\u00e9pondre \u00e0 des crit\u00e8res administratifs,<\/li>\n\n\n\n<li>N\u2019exprimer aucun commun, cloisonner les esprits dans des logiques individuelles,<\/li>\n\n\n\n<li>Ignorer la longue Histoire, jeter l\u2019illusion que les racines et la transmission importent peu,<\/li>\n\n\n\n<li>Promouvoir un style international n\u00e9 dans les ann\u00e9es 1920, abstrait, standardis\u00e9, vecteur d\u2019une logique de rationalisation extr\u00eame et de r\u00e9ification de l\u2019\u00eatre.<\/li>\n<\/ul>\n\n\n\n<p>Bien s\u00fbr, le fa\u00e7onnement de l\u2019esprit reste avant tout une affaire personnelle et humaine.<\/p>\n\n\n\n<p>Mais tout lieu de la connaissance exerce une influence subtile et notable sur l\u2019esprit.<\/p>\n\n\n\n<p>Si l\u2019architecture n\u2019impose pas la pens\u00e9e, elle la conditionne discr\u00e8tement.<\/p>\n","protected":false},"excerpt":{"rendered":"<p>Un \u00e9tudiant se nourrit non seulement du savoir des livres et de ses professeurs, mais s\u2019impr\u00e8gne aussi de l\u2019environnement de l\u2019\u00e9tablissement qui en exprime sa philosophie. D\u2019un c\u00f4t\u00e9, l\u2019architecture de la transmission, ancr\u00e9e dans une longue histoire. Bien souvent un &hellip; <\/p>\n","protected":false},"author":1,"featured_media":0,"comment_status":"open","ping_status":"open","sticky":false,"template":"","format":"standard","meta":{"footnotes":""},"categories":[1],"tags":[],"class_list":["post-640","post","type-post","status-publish","format-standard","hentry","category-blog","latest_post"],"_links":{"self":[{"href":"https:\/\/regardnaif.org\/index.php\/wp-json\/wp\/v2\/posts\/640","targetHints":{"allow":["GET"]}}],"collection":[{"href":"https:\/\/regardnaif.org\/index.php\/wp-json\/wp\/v2\/posts"}],"about":[{"href":"https:\/\/regardnaif.org\/index.php\/wp-json\/wp\/v2\/types\/post"}],"author":[{"embeddable":true,"href":"https:\/\/regardnaif.org\/index.php\/wp-json\/wp\/v2\/users\/1"}],"replies":[{"embeddable":true,"href":"https:\/\/regardnaif.org\/index.php\/wp-json\/wp\/v2\/comments?post=640"}],"version-history":[{"count":3,"href":"https:\/\/regardnaif.org\/index.php\/wp-json\/wp\/v2\/posts\/640\/revisions"}],"predecessor-version":[{"id":662,"href":"https:\/\/regardnaif.org\/index.php\/wp-json\/wp\/v2\/posts\/640\/revisions\/662"}],"wp:attachment":[{"href":"https:\/\/regardnaif.org\/index.php\/wp-json\/wp\/v2\/media?parent=640"}],"wp:term":[{"taxonomy":"category","embeddable":true,"href":"https:\/\/regardnaif.org\/index.php\/wp-json\/wp\/v2\/categories?post=640"},{"taxonomy":"post_tag","embeddable":true,"href":"https:\/\/regardnaif.org\/index.php\/wp-json\/wp\/v2\/tags?post=640"}],"curies":[{"name":"wp","href":"https:\/\/api.w.org\/{rel}","templated":true}]}}