{"id":627,"date":"2026-02-09T02:20:29","date_gmt":"2026-02-09T01:20:29","guid":{"rendered":"https:\/\/regardnaif.org\/?p=627"},"modified":"2026-02-10T10:04:30","modified_gmt":"2026-02-10T09:04:30","slug":"debat-figaro-tv-sur-la-tour-montparnasse","status":"publish","type":"post","link":"https:\/\/regardnaif.org\/index.php\/2026\/02\/09\/debat-figaro-tv-sur-la-tour-montparnasse\/","title":{"rendered":"D\u00e9bat Figaro TV sur la Tour Montparnasse"},"content":{"rendered":"\n<figure class=\"wp-block-embed is-type-video is-provider-youtube wp-block-embed-youtube wp-embed-aspect-16-9 wp-has-aspect-ratio\"><div class=\"wp-block-embed__wrapper\">\n<iframe loading=\"lazy\" title=\"R\u00e9am\u00e9nagement du quartier Montparnasse : un projet titanesque\" width=\"840\" height=\"473\" src=\"https:\/\/www.youtube.com\/embed\/2rIMRyDjTH0?start=423&#038;feature=oembed\" frameborder=\"0\" allow=\"accelerometer; autoplay; clipboard-write; encrypted-media; gyroscope; picture-in-picture; web-share\" referrerpolicy=\"strict-origin-when-cross-origin\" allowfullscreen><\/iframe>\n<\/div><\/figure>\n\n\n\n<p>Invit\u00e9 de l\u2019\u00e9mission Le Figaro TV, Bienvenue en \u00cele de France du 29 janvier 2026, j&rsquo;ai d\u00e9fendre le projet de <em>Regard Na\u00eff<\/em> et faire le point sur le projet retenu, qui malheureusement  n&rsquo;est pas \u00e0 la hauteur des enjeux civilisationnels, environnementaux et m\u00eame \u00e9conomiques. D\u00e9cryptage.<\/p>\n\n\n\n<p><\/p>\n\n\n\n<h3 class=\"wp-block-heading\">Pr\u00e9sentation du projet Regard Na\u00eff<\/h3>\n\n\n<div class=\"wp-block-image\">\n<figure class=\"aligncenter size-large\"><img loading=\"lazy\" decoding=\"async\" width=\"1024\" height=\"572\" src=\"http:\/\/regardnaif.org\/wp-content\/uploads\/2026\/02\/LeFigaroTV1-1024x572.png\" alt=\"\" class=\"wp-image-628\" srcset=\"https:\/\/regardnaif.org\/wp-content\/uploads\/2026\/02\/LeFigaroTV1-1024x572.png 1024w, https:\/\/regardnaif.org\/wp-content\/uploads\/2026\/02\/LeFigaroTV1-300x168.png 300w, https:\/\/regardnaif.org\/wp-content\/uploads\/2026\/02\/LeFigaroTV1-768x429.png 768w, https:\/\/regardnaif.org\/wp-content\/uploads\/2026\/02\/LeFigaroTV1-1536x858.png 1536w, https:\/\/regardnaif.org\/wp-content\/uploads\/2026\/02\/LeFigaroTV1-2048x1144.png 2048w, https:\/\/regardnaif.org\/wp-content\/uploads\/2026\/02\/LeFigaroTV1-107x60.png 107w\" sizes=\"auto, (max-width: 1024px) 100vw, 1024px\" \/><\/figure>\n<\/div>\n\n\n<p>La proposition a \u00e9t\u00e9 expliqu\u00e9e dans un pr\u00e9c\u00e9dent article : <a href=\"https:\/\/regardnaif.org\/index.php\/2026\/01\/08\/renovation-de-la-tour-montparnasse-en-faire-un-monument-parisien\/\">R\u00e9novation de la tour Montparnasse : en faire un monument parisien<\/a><\/p>\n\n\n\n<p><\/p>\n\n\n\n<h3 class=\"wp-block-heading\"><strong>La r\u00e9novation projet\u00e9e : une faute civilisationnelle<\/strong><\/h3>\n\n\n\n<p><a href=\"https:\/\/www.linkedin.com\/posts\/lariviereroland_longtemps-le-point-culminant-des-villes-ugcPost-7424355097914126336-jJds?utm_source=share&amp;utm_medium=member_desktop&amp;rcm=ACoAAAUdeKQB2cON4BM_dGUxY0UZNmaEJaeBJgs\" data-type=\"link\" data-id=\"https:\/\/www.linkedin.com\/posts\/lariviereroland_longtemps-le-point-culminant-des-villes-ugcPost-7424355097914126336-jJds?utm_source=share&amp;utm_medium=member_desktop&amp;rcm=ACoAAAUdeKQB2cON4BM_dGUxY0UZNmaEJaeBJgs\">Visionner extrait 1<\/a><\/p>\n\n\n\n<p>Longtemps, le point culminant des villes \u00e9tait r\u00e9serv\u00e9 aux \u00e9glises, aux cath\u00e9drales, aux centres de pouvoir.\u2028<br>Ils incarnaient des valeurs, un id\u00e9al collectif, une vision partag\u00e9e.<\/p>\n\n\n\n<p>Arrive la Tour Montparnasse, renouvelant le r\u00e9cit de la capitale de la France jusqu\u2019alors repr\u00e9sent\u00e9 par :<\/p>\n\n\n\n<ul class=\"wp-block-list\">\n<li>Notre-Dame de Paris, embl\u00e8me d\u2019un pays fille ain\u00e9e de l\u2019\u00c9glise<\/li>\n\n\n\n<li>Le Sacr\u00e9 C\u0153ur, pardonnant les tumultes d\u2019un peuple<\/li>\n\n\n\n<li>La Tour Eiffel, phare d\u2019un pays novateur et industriel<\/li>\n<\/ul>\n\n\n\n<p>Avec cette tour culminant \u00e0 209 m\u00e8tres, ses concepteurs ont pris grand soin de :<\/p>\n\n\n\n<ul class=\"wp-block-list\">\n<li>Ne l\u2019aligner avec aucun axe parisien,<\/li>\n\n\n\n<li>Affirmer un style en rupture absolue avec tout le patrimoine environnant,<\/li>\n\n\n\n<li>N\u2019exprimer aucune identit\u00e9, ni id\u00e9al.<\/li>\n<\/ul>\n\n\n\n<p>Ainsi a \u00e9t\u00e9 d\u00e9cid\u00e9 dans les ann\u00e9es 60-70 d\u2019\u00e9riger un nouvel imaginaire : le nihilisme.<\/p>\n\n\n\n<p>Couper la tradition du temps long, refuser de transmettre.<\/p>\n\n\n\n<p>50 ans plus tard notre pays se cherche, r\u00e9clame des rep\u00e8res, un avenir.<\/p>\n\n\n\n<p>Et pourtant, la r\u00e9novation d\u00e9cid\u00e9e pour ce pinacle ent\u00e9rine cette n\u00e9gation, 12 m\u00e8tres plus haute, \u00e0 rebours des aspirations de notre \u00e9poque.<\/p>\n\n\n\n<p><\/p>\n\n\n\n<h3 class=\"wp-block-heading\"><strong>&#8230; un mauvais calcul environnemental<\/strong><\/h3>\n\n\n\n<p><a href=\"https:\/\/www.linkedin.com\/posts\/lariviereroland_un-b%C3%A2timent-durable-est-avant-tout-un-b%C3%A2timent-ugcPost-7425233757890080768-91fG?utm_source=share&amp;utm_medium=member_desktop&amp;rcm=ACoAAAUdeKQB2cON4BM_dGUxY0UZNmaEJaeBJgs\">Visionner extrait 2<\/a><\/p>\n\n\n\n<p>Un b\u00e2timent durable est avant tout un b\u00e2timent qui dure dans le temps.<\/p>\n\n\n\n<p>Entre 60 et 90 % de l\u2019impact carbone d\u2019un \u00e9difice est g\u00e9n\u00e9r\u00e9 lors de ses phases de construction et de d\u00e9molition.<\/p>\n\n\n\n<p>La r\u00e9novation int\u00e9grale de la Tour Montparnasse et de son \u00eelot commercial &#8211; ne conservant que l\u2019ossature en b\u00e9ton de la tour &#8211; n\u2019\u00e9chappe pas \u00e0 cette r\u00e9alit\u00e9, tant son ampleur est consid\u00e9rable.<\/p>\n\n\n\n<p>Depuis sa construction, la pol\u00e9mique li\u00e9e \u00e0 son existence n\u2019a jamais disparu. D\u00e8s lors, comment imaginer qu\u2019une r\u00e9novation conservant une apparence similaire la rende enfin acceptable ?<\/p>\n\n\n\n<p>Un b\u00e2timent accro\u00eet ses chances de traverser le temps lorsqu\u2019il suscite un attachement particulier, par son esth\u00e9tique ou par la m\u00e9moire valorisante qu\u2019il incarne.<\/p>\n\n\n\n<p>Or cette tour ne r\u00e9unit aucune de ces qualit\u00e9s et, si la r\u00e9novation \u00e0 venir respecte une chose, c\u2019est bien cette double n\u00e9gation.<\/p>\n\n\n\n<p>Il est donc \u00e0 parier que cette transformation appellera, \u00e0 terme, une nouvelle intervention, voire une d\u00e9molition, entra\u00eenant un gaspillage financier et \u00e9cologique.<\/p>\n\n\n\n<h3 class=\"wp-block-heading\"><strong>&#8230; un investissement hasardeux<\/strong><\/h3>\n\n\n\n<p><a href=\"https:\/\/www.linkedin.com\/posts\/lariviereroland_les-centres-commerciaux-parisiens-connaissent-activity-7426419339718930432-lrfo?utm_source=share&amp;utm_medium=member_desktop&amp;rcm=ACoAAAUdeKQB2cON4BM_dGUxY0UZNmaEJaeBJgs\" data-type=\"link\" data-id=\"https:\/\/www.linkedin.com\/posts\/lariviereroland_les-centres-commerciaux-parisiens-connaissent-activity-7426419339718930432-lrfo?utm_source=share&amp;utm_medium=member_desktop&amp;rcm=ACoAAAUdeKQB2cON4BM_dGUxY0UZNmaEJaeBJgs\">Visionner Extrait 3<\/a><\/p>\n\n\n\n<p>Les centres commerciaux parisiens connaissent des temps difficiles et pourtant, les le\u00e7ons ne sont toujours pas tir\u00e9es.<br><br>Deux exemples r\u00e9cents :<br>&#8211; Les Ateliers Ga\u00eet\u00e9 (Montparnasse), r\u00e9nov\u00e9s en 2022 pour 500\u202fM\u20ac \u2192 10 fermetures d\u2019enseignes d\u00e8s les deux premi\u00e8res ann\u00e9es.<br>&#8211; La Samaritaine, partiellement d\u00e9truite et reconstruite en 2021 pour 750\u202fM\u20ac \u2192 110\u202fM\u20ac de pertes cumul\u00e9es en deux ans.<br><br>Pourtant, certains lieux continuent d\u2019attirer :<br>&#8211; Le Printemps Haussmann conserve une solidit\u00e9 financi\u00e8re malgr\u00e9 une baisse ponctuelle imputable aux crises sociales et sanitaires.<br>&#8211; Le Bon March\u00e9, avec un r\u00e9sultat net de 41\u202fM\u20ac en 2024, montre que l\u2019exp\u00e9rience haut de gamme paie.<br><br>La diff\u00e9rence ? Mettez-vous \u00e0 la place d\u2019un touriste venu de loin pour faire ses emplettes \u00e0 Paris.<br><br>Face \u00e0 des prix parisiens, pr\u00e9f\u00e9reriez-vous :<br><br>1\ufe0f\u20e3 Acheter dans un espace neutre, interchangeable, sans d\u00e9cor ni \u00e2me ?<br><br>2\ufe0f\u20e3 Pousser la porte d\u2019un \u00e9difice Belle \u00c9poque et vous laisser sublimer par son impressionnante verri\u00e8re ?<br><br>Ce choix, pourtant \u00e9vident, a \u00e9t\u00e9 ignor\u00e9 pour r\u00e9nover l\u2019\u00eelot Maine-Montparnasse. Des centaines de millions d\u2019euros seront investis pour d\u00e9molir le vieux centre commercial d\u00e9saffect\u00e9 au pied de la tour et le remplacer par du neuf purement fonctionnel.<br><br>Pourtant, si ses promoteurs avaient os\u00e9 renouer avec le charme parisien, les foules se seraient d\u00e9plac\u00e9es pour d\u00e9couvrir cette curiosit\u00e9 et y auraient, au d\u00e9tour de leur balade, d\u00e9pens\u00e9 leurs devises.<\/p>\n","protected":false},"excerpt":{"rendered":"<p>Invit\u00e9 de l\u2019\u00e9mission Le Figaro TV, Bienvenue en \u00cele de France du 29 janvier 2026, j&rsquo;ai d\u00e9fendre le projet de Regard Na\u00eff et faire le point sur le projet retenu, qui malheureusement n&rsquo;est pas \u00e0 la hauteur des enjeux civilisationnels, &hellip; <\/p>\n","protected":false},"author":1,"featured_media":0,"comment_status":"open","ping_status":"open","sticky":false,"template":"","format":"standard","meta":{"footnotes":""},"categories":[1],"tags":[],"class_list":["post-627","post","type-post","status-publish","format-standard","hentry","category-blog","latest_post"],"_links":{"self":[{"href":"https:\/\/regardnaif.org\/index.php\/wp-json\/wp\/v2\/posts\/627","targetHints":{"allow":["GET"]}}],"collection":[{"href":"https:\/\/regardnaif.org\/index.php\/wp-json\/wp\/v2\/posts"}],"about":[{"href":"https:\/\/regardnaif.org\/index.php\/wp-json\/wp\/v2\/types\/post"}],"author":[{"embeddable":true,"href":"https:\/\/regardnaif.org\/index.php\/wp-json\/wp\/v2\/users\/1"}],"replies":[{"embeddable":true,"href":"https:\/\/regardnaif.org\/index.php\/wp-json\/wp\/v2\/comments?post=627"}],"version-history":[{"count":2,"href":"https:\/\/regardnaif.org\/index.php\/wp-json\/wp\/v2\/posts\/627\/revisions"}],"predecessor-version":[{"id":633,"href":"https:\/\/regardnaif.org\/index.php\/wp-json\/wp\/v2\/posts\/627\/revisions\/633"}],"wp:attachment":[{"href":"https:\/\/regardnaif.org\/index.php\/wp-json\/wp\/v2\/media?parent=627"}],"wp:term":[{"taxonomy":"category","embeddable":true,"href":"https:\/\/regardnaif.org\/index.php\/wp-json\/wp\/v2\/categories?post=627"},{"taxonomy":"post_tag","embeddable":true,"href":"https:\/\/regardnaif.org\/index.php\/wp-json\/wp\/v2\/tags?post=627"}],"curies":[{"name":"wp","href":"https:\/\/api.w.org\/{rel}","templated":true}]}}